{"id":267,"date":"2018-08-08T14:57:22","date_gmt":"2018-08-08T17:57:22","guid":{"rendered":"http:\/\/li88-121.members.linode.com\/webs\/ilofeudo\/?p=267"},"modified":"2026-01-03T10:17:16","modified_gmt":"2026-01-03T13:17:16","slug":"ii-congreso-provincial-derecho-informatico-y-prueba-digital","status":"publish","type":"post","link":"https:\/\/ilofeudo.ar\/index.php\/2018\/08\/08\/ii-congreso-provincial-derecho-informatico-y-prueba-digital\/","title":{"rendered":"II CONGRESO PROVINCIAL DERECHO INFORM\u00c1TICO Y PRUEBA DIGITAL"},"content":{"rendered":"<p><a href=\"https:\/\/www.eventbrite.com.ar\/e\/ii-congreso-provincial-derecho-informatico-y-prueba-digital-tickets-48699190590\"><img loading=\"lazy\" decoding=\"async\" class=\"aligncenter wp-image-270 size-full\" src=\"http:\/\/li88-121.members.linode.com\/webs\/ilofeudo\/wp-content\/uploads\/2018\/08\/2-COngreso-Vera.jpg\" alt=\"\" width=\"905\" height=\"1280\" \/><\/a><\/p>\n<p>INSCRIPCI\u00d3N<\/p>\n<p>HASTA EL 14\/09 : $ 750<br \/>\nDESDE EL 15\/09 : $ 900<br \/>\nALUMNOS $ 400 **<br \/>\n** Inscripci\u00f3n Colegio de Abogados Vera con Libreta de Estudiante (El aspirante debe ser solo estudiante no desempe\u00f1ar tareas en Entidades P\u00fablicas)<\/p>\n<p>El II Congreso Provincial Derecho Inform\u00e1tico y Prueba Digital, busca crear un espacio de interaci\u00f3n y debate entre los diferentes actores sociales a trav\u00e9s de los Talleres, el tema principal en esta ocaci\u00f3n ser\u00e1 Violencia Online y sus Diferentes Aspectos, considerando entre otras tem\u00e1ticas: Violencia Online y Offline, Protecci\u00f3n de datos personales, Pornograf\u00eda, Difusi\u00f3n no consentida de im\u00e1genes \u00edntimas, Procedimientos policiales, Herramientas inform\u00e1ticas para el perito, Acoso virtual, Ciberbullying, Sharenting, Sexting, Grooming, Leyes, entre otros.<\/p>\n<p>El evento contar\u00e1 con la presencia de prestigiosos profesionales y organizaciones del pa\u00eds, dedicados al Derecho Inform\u00e1tica, Inform\u00e1tica forense y afines.<\/p>\n<p>Guillermo Zamora &#8211; Director EDI (Abogado)<\/p>\n<p>Carlos Aguirre &#8211; Fundado Ageia &#8211; Gobernanza Internet (Abogado)<\/p>\n<p>Natalia Toranzo &#8211; CER (Lic. en Inform\u00e1tica)<\/p>\n<p>Marcelo Temperini &#8211; Asegurarte (Abogado)<\/p>\n<p>Marina Benitez Demtschenko &#8211; Presidenta en Fundaci\u00f3n Activismo Feminista Digital (Abogada)<\/p>\n<p>Marcelo Romero &#8211; Unidad Fiscal CABA (Inform\u00e1tico)<\/p>\n<p>Maximiliano Macedo &#8211; Asegurarte (Inform\u00e1tico)<\/p>\n<p>Silvina Lemos &#8211; AGEIA (Abogada)<\/p>\n<p>Pablo Casas &#8211; Juez CABA (Abogado)<\/p>\n<p>Anal\u00eda Mart\u00ednez &#8211; CER (Lic en Sistemas de Informaci\u00f3n)<\/p>\n<p>Juan Quaranta &#8211; PDI Santa Fe (Polic\u00eda)<\/p>\n<p>Jos\u00e9 Luis Vanegas &#8211; CER (Analista de Sistemas)<\/p>\n<p>Facundo Rossi Osuna &#8211; CER (Est. Inform\u00e1tica)<\/p>\n<p>Leandro Suarez &#8211; CER (Inform\u00e1tico)<\/p>\n<p>Lorena Sian &#8211; CER (Abogada)<\/p>\n<p>Vanina Kandyba &#8211; CER (Est. Psicopedagog\u00eda)<\/p>\n<p>Diego Candia &#8211; PDI (Polic\u00eda)<\/p>\n<p>Gabriel Dellavita &#8211; PDI (Polic\u00eda)<\/p>\n<p>Sebast\u00edan G\u00f3mez &#8211; PDI (Polic\u00eda)<\/p>\n<p>Claudio Cabral &#8211; CER (Psic\u00f3logo)<\/p>\n<p>&#8212;&#8212;&#8212;&#8212;&#8212;&#8212;&#8212;&#8212;&#8212;&#8212;&#8212;&#8212;&#8212;&#8212;&#8212;&#8212;&#8212;&#8212;&#8212;&#8212;&#8212;&#8212;&#8212;&#8212;&#8212;&#8212;<\/p>\n<p>\u00bfTen\u00e9s alguna pregunta sobre II CONGRESO PROVINCIAL DERECHO INFORM\u00c1TICO Y PRUEBA DIGITAL? Ponete en contacto con Conciencia en Red Nodo Santa Fe &#8211; Colegio de Abogados Delegaci\u00f3n Vera &#8211; Colegio Superior N\u00b0 42 &#8220;Dr. Agust\u00edn Luis Rossi&#8221; &#8211; Colegio de Magistrados y Funcionarios del Poder Judicial de Santa Fe Zona Norte<\/p>\n","protected":false},"excerpt":{"rendered":"<p>INSCRIPCI\u00d3N HASTA EL 14\/09 : $ 750 DESDE EL 15\/09 : $ 900 ALUMNOS $ 400 ** ** Inscripci\u00f3n Colegio de Abogados Vera con Libreta de Estudiante (El aspirante debe ser solo estudiante no desempe\u00f1ar tareas en Entidades P\u00fablicas) El II Congreso Provincial Derecho Inform\u00e1tico y Prueba Digital, busca crear un espacio de interaci\u00f3n y debate entre los diferentes actores sociales a trav\u00e9s de los Talleres, el tema principal<\/p>\n<p><a class=\"more-link\" href=\"https:\/\/ilofeudo.ar\/index.php\/2018\/08\/08\/ii-congreso-provincial-derecho-informatico-y-prueba-digital\/\">Read More<\/a><\/p>\n","protected":false},"author":1,"featured_media":270,"comment_status":"closed","ping_status":"closed","sticky":false,"template":"","format":"standard","meta":{"_exactmetrics_skip_tracking":false,"_exactmetrics_sitenote_active":false,"_exactmetrics_sitenote_note":"","_exactmetrics_sitenote_category":0,"footnotes":""},"categories":[1],"tags":[],"class_list":["post-267","post","type-post","status-publish","format-standard","has-post-thumbnail","hentry","category-eventos-y-jornadas"],"_links":{"self":[{"href":"https:\/\/ilofeudo.ar\/index.php\/wp-json\/wp\/v2\/posts\/267","targetHints":{"allow":["GET"]}}],"collection":[{"href":"https:\/\/ilofeudo.ar\/index.php\/wp-json\/wp\/v2\/posts"}],"about":[{"href":"https:\/\/ilofeudo.ar\/index.php\/wp-json\/wp\/v2\/types\/post"}],"author":[{"embeddable":true,"href":"https:\/\/ilofeudo.ar\/index.php\/wp-json\/wp\/v2\/users\/1"}],"replies":[{"embeddable":true,"href":"https:\/\/ilofeudo.ar\/index.php\/wp-json\/wp\/v2\/comments?post=267"}],"version-history":[{"count":2,"href":"https:\/\/ilofeudo.ar\/index.php\/wp-json\/wp\/v2\/posts\/267\/revisions"}],"predecessor-version":[{"id":271,"href":"https:\/\/ilofeudo.ar\/index.php\/wp-json\/wp\/v2\/posts\/267\/revisions\/271"}],"wp:featuredmedia":[{"embeddable":true,"href":"https:\/\/ilofeudo.ar\/index.php\/wp-json\/wp\/v2\/media\/270"}],"wp:attachment":[{"href":"https:\/\/ilofeudo.ar\/index.php\/wp-json\/wp\/v2\/media?parent=267"}],"wp:term":[{"taxonomy":"category","embeddable":true,"href":"https:\/\/ilofeudo.ar\/index.php\/wp-json\/wp\/v2\/categories?post=267"},{"taxonomy":"post_tag","embeddable":true,"href":"https:\/\/ilofeudo.ar\/index.php\/wp-json\/wp\/v2\/tags?post=267"}],"curies":[{"name":"wp","href":"https:\/\/api.w.org\/{rel}","templated":true}]}}